{"id":5640,"date":"2014-01-17T12:10:19","date_gmt":"2014-01-17T11:10:19","guid":{"rendered":"https:\/\/www.bandyshirt.de\/blog\/?p=5640"},"modified":"2016-02-15T13:38:28","modified_gmt":"2016-02-15T12:38:28","slug":"mode-selbst-kreieren-fashion-week-2014-in-berlin","status":"publish","type":"post","link":"https:\/\/www.bandyshirt.de\/blog\/mode-selbst-kreieren-fashion-week-2014-in-berlin-5640\/","title":{"rendered":"Mode selbst kreieren &#8211; Fashion Week 2014"},"content":{"rendered":"<p><span style=\"line-height: 1.5em;\">Die <a title=\"Die Fashion-Week 2014 in Berlin\" href=\"http:\/\/www.fashion-week-berlin.com\" target=\"_blank\" rel=\"nofollow\">Berliner Fashion Week<\/a> versammelt dieser Tage Modesch\u00f6pfer, aber auch H\u00e4ndler und Kreative, denn schlie\u00dflich werden hier die Trends des kommenden Jahres pr\u00e4sentiert. Viele der Kollektionen finden sich anschlie\u00dfend in den L\u00e4den und warten darauf, gekauft zu werden. Du kannst die neuen Looks aber auch ganz einfach in Deinen Stil einbauen und die angesagte <strong>Mode selbst kreieren<\/strong>, wenn Du Dich an den aktuellen Highlights der Fashion Week orientierst.<\/span><\/p>\n<h2>Mode selbst kreieren mit Ideen von der Fashion Week 2014 in Berlin<\/h2>\n<p>Vom 14. bis 19. Januar zeigen internationaler Designer auf der Berliner Fashion Week ihre neuesten Kreationen. Die Hauptstadt wird dabei zu einem gro\u00dfen Catwalk, der auch H\u00e4ndler, Journalisten und zahlreiche G\u00e4ste anlockt. Bei verschiedenen Ausstellungen, bei Modenschauen, in Galerien und auf den zugeh\u00f6rigen Partys dreht sich wieder einmal alles um Trends und schicke Kleidung. Nat\u00fcrlich darf auch die Prominenz nicht fehlen, denn Stars und Sternchen wollen nat\u00fcrlich mit den neusten Outfits und mit angesagten St\u00fccken auffallen. Was in der kommenden Saison gefragt ist und welche Schnitte, Farben oder Designs zum Must Have werden, pr\u00e4sentieren die Modesch\u00f6pfer bei den Laufstegschauen. Diese gelten als H\u00f6hepunkte der <strong>Fashion Week<\/strong> und bieten den Designern endlich die M\u00f6glichkeit, das zu pr\u00e4sentieren, was sie in ihren Ateliers kreiert haben. Einige der Vorstellungen stehen sogar allen Besuchern offen; hier k\u00f6nnen sich also ebenso Modebegeisterte, die nicht zum geladenen Fachpublikum z\u00e4hlen, von den neuen Entw\u00fcrfen begeistern lassen.<\/p>\n<h2>Farbe liegt im Trend &#8211; gelbe Mode selbst kreieren<\/h2>\n<p>In der vergangenen Saison haben vor allem intensive Pinkt\u00f6ne dominiert, die nat\u00fcrlich von der Damenwelt begeistert aufgenommen wurden. Schlie\u00dflich gilt Pink als die weiblichste Farbe \u00fcberhaupt. Auch Rot war angesagt und so fand sich die warme Farbe in zahlreichen Kollektionen wieder. Diese beiden extravaganten Kolorationen sind noch immer nicht aus der Modewelt verschwunden, werden aber zunehmen von Gelb als neuer Trendfarbe abgel\u00f6st. Die sonnige Koloration kann dabei in ganz verschiedenen Nuancen daherkommen, etwa in einem richtig strahlenden Sonnengelb, in etwas k\u00fchlerem Lemone oder auch einem Sand- bzw. Safranton. Wenn Du Mode selbst kreieren m\u00f6chtest, dann kannst Du auf diese angesagte Farbe setzen. Es muss nicht immer der Allover-Look sein, selbst gelbe Akzente oder ein einzelnes gelbes Shirt liegen voll im Trend. Genauso k\u00f6nnen die Inspirationen von der Fashion Week in Form eines gelben Prints oder Motivs frech umgesetzt werden.<\/p>\n<h2>Nat\u00fcrliche Mode selbst kreieren<\/h2>\n<p>Organic Cotton und nat\u00fcrliche Materialien setzten sich zunehmend durch. Die aktuelle Mode nutzt verst\u00e4rkt nat\u00fcrliche Materialien; es findet eine Abkehr von k\u00fcnstlichen Fasern statt. Auch modisch wagen sich die Designer aus dem urbanen Umfeld immer mehr in die Natur und lassen sich von Flora sowie Fauna inspirieren. Darum finden sich auf den Kreationen, die bei der Fashion Week vorgestellt werden, Prints verschiedener Bl\u00e4tter &#8211; etwa Palmen oder Monstera. Sogar Pusteblumen, Libellen und Eisv\u00f6gel haben es auf die Entw\u00fcrfe geschafft. Der neue Trend ist also klar: Motive aus der Natur. Die schicken Drucke darfst Du ebenfalls nutzen, um die <a title=\"Mode einfach selbst kreieren!\" href=\"https:\/\/www.bandyshirt.de\/T-Shirt-selbst-gestalten\/\" target=\"_blank\">Mode selbst kreieren<\/a> zu k\u00f6nnen. Mit nat\u00fcrlichen Abbildungen, Tiermotiven oder Pflanzen-Prints liegst Du dann absolut im Trend.<\/p>\n<p class=\"img_copyright\">Bildnachweis: \u00a9 .shock &#8211; Fotolia.com<\/p>\n","protected":false},"excerpt":{"rendered":"<p>Die Berliner Fashion Week versammelt dieser Tage Modesch\u00f6pfer, aber auch H\u00e4ndler und Kreative, denn schlie\u00dflich werden hier die Trends des kommenden Jahres pr\u00e4sentiert. Viele der Kollektionen finden sich anschlie\u00dfend in den L\u00e4den und warten darauf, gekauft zu werden. Du kannst &#8230; <\/p>\n<div><a href=\"https:\/\/www.bandyshirt.de\/blog\/mode-selbst-kreieren-fashion-week-2014-in-berlin-5640\/\" class=\"more-link\">Read More<\/a><\/div>\n","protected":false},"author":1,"featured_media":5643,"comment_status":"open","ping_status":"open","sticky":false,"template":"","format":"standard","meta":{"_monsterinsights_skip_tracking":false,"footnotes":""},"categories":[1,12],"tags":[69,97,204,261],"class_list":["post-5640","post","type-post","status-publish","format-standard","has-post-thumbnail","hentry","category-allgemein","category-vip","tag-designer","tag-fashion-week","tag-mode","tag-selbst-kreieren"],"yoast_head":"<!-- This site is optimized with the Yoast SEO plugin v28.3 - https:\/\/yoast.com\/product\/yoast-seo-wordpress\/ -->\n<title>Mode selbst kreieren - Fashion Week 2014 &#187; Bandyshirt<\/title>\n<meta name=\"description\" content=\"Sei kreativ und werde zum Designer. Kreiere Dir bei Bandyshirt Deine Mode selbst mit Ideen von der Fashion Week 2014.\" \/>\n<meta name=\"robots\" content=\"index, follow, max-snippet:-1, max-image-preview:large, max-video-preview:-1\" \/>\n<link rel=\"canonical\" href=\"https:\/\/www.bandyshirt.de\/blog\/mode-selbst-kreieren-fashion-week-2014-in-berlin-5640\/\" \/>\n<meta property=\"og:locale\" content=\"de_DE\" \/>\n<meta property=\"og:type\" content=\"article\" \/>\n<meta property=\"og:title\" content=\"Mode selbst kreieren - Fashion Week 2014 &#187; Bandyshirt\" \/>\n<meta property=\"og:description\" content=\"Sei kreativ und werde zum Designer. Kreiere Dir bei Bandyshirt Deine Mode selbst mit Ideen von der Fashion Week 2014.\" \/>\n<meta property=\"og:url\" content=\"https:\/\/www.bandyshirt.de\/blog\/mode-selbst-kreieren-fashion-week-2014-in-berlin-5640\/\" \/>\n<meta property=\"og:site_name\" content=\"Bandyshirt\" \/>\n<meta property=\"article:published_time\" content=\"2014-01-17T11:10:19+00:00\" \/>\n<meta property=\"article:modified_time\" content=\"2016-02-15T12:38:28+00:00\" \/>\n<meta property=\"og:image\" content=\"https:\/\/www.bandyshirt.de\/blog\/wp-content\/uploads\/2014\/01\/berlin-fashion-week-2014.jpg\" \/>\n\t<meta property=\"og:image:width\" content=\"680\" \/>\n\t<meta property=\"og:image:height\" content=\"453\" \/>\n\t<meta property=\"og:image:type\" content=\"image\/jpeg\" \/>\n<meta name=\"author\" content=\"bzuro\" \/>\n<meta name=\"twitter:card\" content=\"summary_large_image\" \/>\n<meta name=\"twitter:label1\" content=\"Verfasst von\" \/>\n\t<meta name=\"twitter:data1\" content=\"bzuro\" \/>\n\t<meta name=\"twitter:label2\" content=\"Gesch\u00e4tzte Lesezeit\" \/>\n\t<meta name=\"twitter:data2\" content=\"3\u00a0Minuten\" \/>\n<script type=\"application\/ld+json\" class=\"yoast-schema-graph\">{\"@context\":\"https:\\\/\\\/schema.org\",\"@graph\":[{\"@type\":\"Article\",\"@id\":\"https:\\\/\\\/www.bandyshirt.de\\\/blog\\\/mode-selbst-kreieren-fashion-week-2014-in-berlin-5640\\\/#article\",\"isPartOf\":{\"@id\":\"https:\\\/\\\/www.bandyshirt.de\\\/blog\\\/mode-selbst-kreieren-fashion-week-2014-in-berlin-5640\\\/\"},\"author\":{\"name\":\"bzuro\",\"@id\":\"https:\\\/\\\/www.bandyshirt.de\\\/blog\\\/#\\\/schema\\\/person\\\/d4bb9d47192724640167be53174999f3\"},\"headline\":\"Mode selbst kreieren &#8211; Fashion Week 2014\",\"datePublished\":\"2014-01-17T11:10:19+00:00\",\"dateModified\":\"2016-02-15T12:38:28+00:00\",\"mainEntityOfPage\":{\"@id\":\"https:\\\/\\\/www.bandyshirt.de\\\/blog\\\/mode-selbst-kreieren-fashion-week-2014-in-berlin-5640\\\/\"},\"wordCount\":542,\"commentCount\":0,\"publisher\":{\"@id\":\"https:\\\/\\\/www.bandyshirt.de\\\/blog\\\/#organization\"},\"image\":{\"@id\":\"https:\\\/\\\/www.bandyshirt.de\\\/blog\\\/mode-selbst-kreieren-fashion-week-2014-in-berlin-5640\\\/#primaryimage\"},\"thumbnailUrl\":\"https:\\\/\\\/www.bandyshirt.de\\\/blog\\\/wp-content\\\/uploads\\\/2014\\\/01\\\/berlin-fashion-week-2014.jpg\",\"keywords\":[\"Designer\",\"Fashion-Week\",\"Mode\",\"selbst kreieren\"],\"articleSection\":{\"1\":\"VIP\"},\"inLanguage\":\"de\"},{\"@type\":\"WebPage\",\"@id\":\"https:\\\/\\\/www.bandyshirt.de\\\/blog\\\/mode-selbst-kreieren-fashion-week-2014-in-berlin-5640\\\/\",\"url\":\"https:\\\/\\\/www.bandyshirt.de\\\/blog\\\/mode-selbst-kreieren-fashion-week-2014-in-berlin-5640\\\/\",\"name\":\"Mode selbst kreieren - Fashion Week 2014 &#187; Bandyshirt\",\"isPartOf\":{\"@id\":\"https:\\\/\\\/www.bandyshirt.de\\\/blog\\\/#website\"},\"primaryImageOfPage\":{\"@id\":\"https:\\\/\\\/www.bandyshirt.de\\\/blog\\\/mode-selbst-kreieren-fashion-week-2014-in-berlin-5640\\\/#primaryimage\"},\"image\":{\"@id\":\"https:\\\/\\\/www.bandyshirt.de\\\/blog\\\/mode-selbst-kreieren-fashion-week-2014-in-berlin-5640\\\/#primaryimage\"},\"thumbnailUrl\":\"https:\\\/\\\/www.bandyshirt.de\\\/blog\\\/wp-content\\\/uploads\\\/2014\\\/01\\\/berlin-fashion-week-2014.jpg\",\"datePublished\":\"2014-01-17T11:10:19+00:00\",\"dateModified\":\"2016-02-15T12:38:28+00:00\",\"description\":\"Sei kreativ und werde zum Designer. Kreiere Dir bei Bandyshirt Deine Mode selbst mit Ideen von der Fashion Week 2014.\",\"breadcrumb\":{\"@id\":\"https:\\\/\\\/www.bandyshirt.de\\\/blog\\\/mode-selbst-kreieren-fashion-week-2014-in-berlin-5640\\\/#breadcrumb\"},\"inLanguage\":\"de\",\"potentialAction\":[{\"@type\":\"ReadAction\",\"target\":[\"https:\\\/\\\/www.bandyshirt.de\\\/blog\\\/mode-selbst-kreieren-fashion-week-2014-in-berlin-5640\\\/\"]}]},{\"@type\":\"ImageObject\",\"inLanguage\":\"de\",\"@id\":\"https:\\\/\\\/www.bandyshirt.de\\\/blog\\\/mode-selbst-kreieren-fashion-week-2014-in-berlin-5640\\\/#primaryimage\",\"url\":\"https:\\\/\\\/www.bandyshirt.de\\\/blog\\\/wp-content\\\/uploads\\\/2014\\\/01\\\/berlin-fashion-week-2014.jpg\",\"contentUrl\":\"https:\\\/\\\/www.bandyshirt.de\\\/blog\\\/wp-content\\\/uploads\\\/2014\\\/01\\\/berlin-fashion-week-2014.jpg\",\"width\":680,\"height\":453,\"caption\":\"Mode der Fashion Week 2014\"},{\"@type\":\"BreadcrumbList\",\"@id\":\"https:\\\/\\\/www.bandyshirt.de\\\/blog\\\/mode-selbst-kreieren-fashion-week-2014-in-berlin-5640\\\/#breadcrumb\",\"itemListElement\":[{\"@type\":\"ListItem\",\"position\":1,\"name\":\"Home\",\"item\":\"https:\\\/\\\/www.bandyshirt.de\\\/blog\\\/\"},{\"@type\":\"ListItem\",\"position\":2,\"name\":\"Mode selbst kreieren &#8211; Fashion Week 2014\"}]},{\"@type\":\"WebSite\",\"@id\":\"https:\\\/\\\/www.bandyshirt.de\\\/blog\\\/#website\",\"url\":\"https:\\\/\\\/www.bandyshirt.de\\\/blog\\\/\",\"name\":\"Bandyshirt\",\"description\":\"Infos und Aktionen rund um das Thema T-Shirt Druck und T-Shirts selbst gestalten.\",\"publisher\":{\"@id\":\"https:\\\/\\\/www.bandyshirt.de\\\/blog\\\/#organization\"},\"potentialAction\":[{\"@type\":\"SearchAction\",\"target\":{\"@type\":\"EntryPoint\",\"urlTemplate\":\"https:\\\/\\\/www.bandyshirt.de\\\/blog\\\/?s={search_term_string}\"},\"query-input\":{\"@type\":\"PropertyValueSpecification\",\"valueRequired\":true,\"valueName\":\"search_term_string\"}}],\"inLanguage\":\"de\"},{\"@type\":\"Organization\",\"@id\":\"https:\\\/\\\/www.bandyshirt.de\\\/blog\\\/#organization\",\"name\":\"Bandyshirt.de\",\"url\":\"https:\\\/\\\/www.bandyshirt.de\\\/blog\\\/\",\"logo\":{\"@type\":\"ImageObject\",\"inLanguage\":\"de\",\"@id\":\"https:\\\/\\\/www.bandyshirt.de\\\/blog\\\/#\\\/schema\\\/logo\\\/image\\\/\",\"url\":\"https:\\\/\\\/www.bandyshirt.de\\\/blog\\\/wp-content\\\/uploads\\\/2021\\\/05\\\/Screenshot_6.jpg\",\"contentUrl\":\"https:\\\/\\\/www.bandyshirt.de\\\/blog\\\/wp-content\\\/uploads\\\/2021\\\/05\\\/Screenshot_6.jpg\",\"width\":608,\"height\":636,\"caption\":\"Bandyshirt.de\"},\"image\":{\"@id\":\"https:\\\/\\\/www.bandyshirt.de\\\/blog\\\/#\\\/schema\\\/logo\\\/image\\\/\"}},{\"@type\":\"Person\",\"@id\":\"https:\\\/\\\/www.bandyshirt.de\\\/blog\\\/#\\\/schema\\\/person\\\/d4bb9d47192724640167be53174999f3\",\"name\":\"bzuro\",\"image\":{\"@type\":\"ImageObject\",\"inLanguage\":\"de\",\"@id\":\"https:\\\/\\\/secure.gravatar.com\\\/avatar\\\/91cdeffb1e8dabcc8fa13cc27a0b434296e4b6e8cb3db70ab6975c72e6232672?s=96&d=mm&r=g\",\"url\":\"https:\\\/\\\/secure.gravatar.com\\\/avatar\\\/91cdeffb1e8dabcc8fa13cc27a0b434296e4b6e8cb3db70ab6975c72e6232672?s=96&d=mm&r=g\",\"contentUrl\":\"https:\\\/\\\/secure.gravatar.com\\\/avatar\\\/91cdeffb1e8dabcc8fa13cc27a0b434296e4b6e8cb3db70ab6975c72e6232672?s=96&d=mm&r=g\",\"caption\":\"bzuro\"},\"url\":\"https:\\\/\\\/www.bandyshirt.de\\\/blog\\\/author\\\/bzuro\\\/\"}]}<\/script>\n<!-- \/ Yoast SEO plugin. -->","yoast_head_json":{"title":"Mode selbst kreieren - Fashion Week 2014 &#187; Bandyshirt","description":"Sei kreativ und werde zum Designer. Kreiere Dir bei Bandyshirt Deine Mode selbst mit Ideen von der Fashion Week 2014.","robots":{"index":"index","follow":"follow","max-snippet":"max-snippet:-1","max-image-preview":"max-image-preview:large","max-video-preview":"max-video-preview:-1"},"canonical":"https:\/\/www.bandyshirt.de\/blog\/mode-selbst-kreieren-fashion-week-2014-in-berlin-5640\/","og_locale":"de_DE","og_type":"article","og_title":"Mode selbst kreieren - Fashion Week 2014 &#187; Bandyshirt","og_description":"Sei kreativ und werde zum Designer. Kreiere Dir bei Bandyshirt Deine Mode selbst mit Ideen von der Fashion Week 2014.","og_url":"https:\/\/www.bandyshirt.de\/blog\/mode-selbst-kreieren-fashion-week-2014-in-berlin-5640\/","og_site_name":"Bandyshirt","article_published_time":"2014-01-17T11:10:19+00:00","article_modified_time":"2016-02-15T12:38:28+00:00","og_image":[{"width":680,"height":453,"url":"https:\/\/www.bandyshirt.de\/blog\/wp-content\/uploads\/2014\/01\/berlin-fashion-week-2014.jpg","type":"image\/jpeg"}],"author":"bzuro","twitter_card":"summary_large_image","twitter_misc":{"Verfasst von":"bzuro","Gesch\u00e4tzte Lesezeit":"3\u00a0Minuten"},"schema":{"@context":"https:\/\/schema.org","@graph":[{"@type":"Article","@id":"https:\/\/www.bandyshirt.de\/blog\/mode-selbst-kreieren-fashion-week-2014-in-berlin-5640\/#article","isPartOf":{"@id":"https:\/\/www.bandyshirt.de\/blog\/mode-selbst-kreieren-fashion-week-2014-in-berlin-5640\/"},"author":{"name":"bzuro","@id":"https:\/\/www.bandyshirt.de\/blog\/#\/schema\/person\/d4bb9d47192724640167be53174999f3"},"headline":"Mode selbst kreieren &#8211; Fashion Week 2014","datePublished":"2014-01-17T11:10:19+00:00","dateModified":"2016-02-15T12:38:28+00:00","mainEntityOfPage":{"@id":"https:\/\/www.bandyshirt.de\/blog\/mode-selbst-kreieren-fashion-week-2014-in-berlin-5640\/"},"wordCount":542,"commentCount":0,"publisher":{"@id":"https:\/\/www.bandyshirt.de\/blog\/#organization"},"image":{"@id":"https:\/\/www.bandyshirt.de\/blog\/mode-selbst-kreieren-fashion-week-2014-in-berlin-5640\/#primaryimage"},"thumbnailUrl":"https:\/\/www.bandyshirt.de\/blog\/wp-content\/uploads\/2014\/01\/berlin-fashion-week-2014.jpg","keywords":["Designer","Fashion-Week","Mode","selbst kreieren"],"articleSection":{"1":"VIP"},"inLanguage":"de"},{"@type":"WebPage","@id":"https:\/\/www.bandyshirt.de\/blog\/mode-selbst-kreieren-fashion-week-2014-in-berlin-5640\/","url":"https:\/\/www.bandyshirt.de\/blog\/mode-selbst-kreieren-fashion-week-2014-in-berlin-5640\/","name":"Mode selbst kreieren - Fashion Week 2014 &#187; Bandyshirt","isPartOf":{"@id":"https:\/\/www.bandyshirt.de\/blog\/#website"},"primaryImageOfPage":{"@id":"https:\/\/www.bandyshirt.de\/blog\/mode-selbst-kreieren-fashion-week-2014-in-berlin-5640\/#primaryimage"},"image":{"@id":"https:\/\/www.bandyshirt.de\/blog\/mode-selbst-kreieren-fashion-week-2014-in-berlin-5640\/#primaryimage"},"thumbnailUrl":"https:\/\/www.bandyshirt.de\/blog\/wp-content\/uploads\/2014\/01\/berlin-fashion-week-2014.jpg","datePublished":"2014-01-17T11:10:19+00:00","dateModified":"2016-02-15T12:38:28+00:00","description":"Sei kreativ und werde zum Designer. Kreiere Dir bei Bandyshirt Deine Mode selbst mit Ideen von der Fashion Week 2014.","breadcrumb":{"@id":"https:\/\/www.bandyshirt.de\/blog\/mode-selbst-kreieren-fashion-week-2014-in-berlin-5640\/#breadcrumb"},"inLanguage":"de","potentialAction":[{"@type":"ReadAction","target":["https:\/\/www.bandyshirt.de\/blog\/mode-selbst-kreieren-fashion-week-2014-in-berlin-5640\/"]}]},{"@type":"ImageObject","inLanguage":"de","@id":"https:\/\/www.bandyshirt.de\/blog\/mode-selbst-kreieren-fashion-week-2014-in-berlin-5640\/#primaryimage","url":"https:\/\/www.bandyshirt.de\/blog\/wp-content\/uploads\/2014\/01\/berlin-fashion-week-2014.jpg","contentUrl":"https:\/\/www.bandyshirt.de\/blog\/wp-content\/uploads\/2014\/01\/berlin-fashion-week-2014.jpg","width":680,"height":453,"caption":"Mode der Fashion Week 2014"},{"@type":"BreadcrumbList","@id":"https:\/\/www.bandyshirt.de\/blog\/mode-selbst-kreieren-fashion-week-2014-in-berlin-5640\/#breadcrumb","itemListElement":[{"@type":"ListItem","position":1,"name":"Home","item":"https:\/\/www.bandyshirt.de\/blog\/"},{"@type":"ListItem","position":2,"name":"Mode selbst kreieren &#8211; Fashion Week 2014"}]},{"@type":"WebSite","@id":"https:\/\/www.bandyshirt.de\/blog\/#website","url":"https:\/\/www.bandyshirt.de\/blog\/","name":"Bandyshirt","description":"Infos und Aktionen rund um das Thema T-Shirt Druck und T-Shirts selbst gestalten.","publisher":{"@id":"https:\/\/www.bandyshirt.de\/blog\/#organization"},"potentialAction":[{"@type":"SearchAction","target":{"@type":"EntryPoint","urlTemplate":"https:\/\/www.bandyshirt.de\/blog\/?s={search_term_string}"},"query-input":{"@type":"PropertyValueSpecification","valueRequired":true,"valueName":"search_term_string"}}],"inLanguage":"de"},{"@type":"Organization","@id":"https:\/\/www.bandyshirt.de\/blog\/#organization","name":"Bandyshirt.de","url":"https:\/\/www.bandyshirt.de\/blog\/","logo":{"@type":"ImageObject","inLanguage":"de","@id":"https:\/\/www.bandyshirt.de\/blog\/#\/schema\/logo\/image\/","url":"https:\/\/www.bandyshirt.de\/blog\/wp-content\/uploads\/2021\/05\/Screenshot_6.jpg","contentUrl":"https:\/\/www.bandyshirt.de\/blog\/wp-content\/uploads\/2021\/05\/Screenshot_6.jpg","width":608,"height":636,"caption":"Bandyshirt.de"},"image":{"@id":"https:\/\/www.bandyshirt.de\/blog\/#\/schema\/logo\/image\/"}},{"@type":"Person","@id":"https:\/\/www.bandyshirt.de\/blog\/#\/schema\/person\/d4bb9d47192724640167be53174999f3","name":"bzuro","image":{"@type":"ImageObject","inLanguage":"de","@id":"https:\/\/secure.gravatar.com\/avatar\/91cdeffb1e8dabcc8fa13cc27a0b434296e4b6e8cb3db70ab6975c72e6232672?s=96&d=mm&r=g","url":"https:\/\/secure.gravatar.com\/avatar\/91cdeffb1e8dabcc8fa13cc27a0b434296e4b6e8cb3db70ab6975c72e6232672?s=96&d=mm&r=g","contentUrl":"https:\/\/secure.gravatar.com\/avatar\/91cdeffb1e8dabcc8fa13cc27a0b434296e4b6e8cb3db70ab6975c72e6232672?s=96&d=mm&r=g","caption":"bzuro"},"url":"https:\/\/www.bandyshirt.de\/blog\/author\/bzuro\/"}]}},"_links":{"self":[{"href":"https:\/\/www.bandyshirt.de\/blog\/wp-json\/wp\/v2\/posts\/5640","targetHints":{"allow":["GET"]}}],"collection":[{"href":"https:\/\/www.bandyshirt.de\/blog\/wp-json\/wp\/v2\/posts"}],"about":[{"href":"https:\/\/www.bandyshirt.de\/blog\/wp-json\/wp\/v2\/types\/post"}],"author":[{"embeddable":true,"href":"https:\/\/www.bandyshirt.de\/blog\/wp-json\/wp\/v2\/users\/1"}],"replies":[{"embeddable":true,"href":"https:\/\/www.bandyshirt.de\/blog\/wp-json\/wp\/v2\/comments?post=5640"}],"version-history":[{"count":1,"href":"https:\/\/www.bandyshirt.de\/blog\/wp-json\/wp\/v2\/posts\/5640\/revisions"}],"predecessor-version":[{"id":7619,"href":"https:\/\/www.bandyshirt.de\/blog\/wp-json\/wp\/v2\/posts\/5640\/revisions\/7619"}],"wp:featuredmedia":[{"embeddable":true,"href":"https:\/\/www.bandyshirt.de\/blog\/wp-json\/wp\/v2\/media\/5643"}],"wp:attachment":[{"href":"https:\/\/www.bandyshirt.de\/blog\/wp-json\/wp\/v2\/media?parent=5640"}],"wp:term":[{"taxonomy":"category","embeddable":true,"href":"https:\/\/www.bandyshirt.de\/blog\/wp-json\/wp\/v2\/categories?post=5640"},{"taxonomy":"post_tag","embeddable":true,"href":"https:\/\/www.bandyshirt.de\/blog\/wp-json\/wp\/v2\/tags?post=5640"}],"curies":[{"name":"wp","href":"https:\/\/api.w.org\/{rel}","templated":true}]}}