{"id":1038,"date":"2012-10-31T05:45:36","date_gmt":"2012-10-31T04:45:36","guid":{"rendered":"https:\/\/www.bandyshirt.de\/blog\/?p=1038"},"modified":"2016-02-17T10:50:51","modified_gmt":"2016-02-17T09:50:51","slug":"teil-iii-firmenbekleidung-fur-unsere-mitarbeiter","status":"publish","type":"post","link":"https:\/\/www.bandyshirt.de\/blog\/teil-iii-firmenbekleidung-fur-unsere-mitarbeiter-1038\/","title":{"rendered":"Teil III: Firmenbekleidung f\u00fcr unsere Mitarbeiter"},"content":{"rendered":"<div><\/div>\n<div>&#8230; Gl\u00fcck gehabt! Um die \u00dcberstunden bin ich herumgekommen, weil unser Einkaufsleiter Voggenpohl ausnahmsweise mal selbst p\u00fcnktlich nach Hause wollte. Am n\u00e4chsten Tag hat er mich allerdings gleich zu sich gerufen. Ich wusste ja schon, dass es um neue <strong>Firmenbekleidung<\/strong> f\u00fcr unsere Mitarbeiter in der Produktion ging und war nicht ganz unvorbereitet, hatte am Abend vorher noch kurz auf die Bandyshirt-Webseite geschaut und mich \u00fcber Arbeitskleidung und die M\u00f6glichkeiten der Veredelung informiert.<\/div>\n<div>\n<div>\n<div>\n<p><!--more--><\/p>\n<blockquote><p>&#8222;Guten Morgen, Herr Schirmer, wie geht&#8217;s Ihnen?&#8220; &#8222;Gut, gut.&#8220; &#8222;Ok, kommen wir gleich zur Sache. Setzen Sie sich doch, bitte. &#8211; Wie war das noch gleich mit Ihrem Textildruck-Freund &#8230;?&#8220; &#8222;Ja, bei der Firma Bandyshirt. Die sind Spezialisten f\u00fcr Textilverdedelung. Digitaler Direktdruck, Stickerei, Siebdruck usw.&#8220; &#8222;Gut. Sie werden verstehen, dass ich nat\u00fcrlich mehrere Angebote einholen muss, aber wir arbeiten gerne mit Unternehmen zusammen, denen wir vertrauen k\u00f6nnen.&#8220; &#8222;Da, sollte es keine Probleme geben. Meine Frau hat neulich noch T-Shirts f\u00fcr ihren Kegelclub dort machen lassen. Das ging alles reibungslos \u00fcber die B\u00fchne &#8211; und schnell.&#8220; &#8222;Ok. Haben Sie was zu schreiben? <strong>Konkret geht es um 150 Poloshirts, 150 Sweatshirts und 75 Kappen. Die Farbe sollte Grau sein. Auf der linken Brustseite der Shirts m\u00f6chte der Chef unseren Schriftzug\u00a0und das Logo, bei den Kappen zentriert auf der Vorderseite. Ach ja, die Shirts sollten bis 60\u00b0waschbar sein. Es soll gut aussehen und eine Weile halten.&#8220;<\/strong> &#8222;Ja, ist klar. Habe ich alles notiert.&#8220; &#8222;Gut, Herr Schirmer. Ich schlage vor, Sie rufen Ihren Freund an und besorgen schon mal die entsprechenden Informationen. Ich werde dann eine entsprechende Anfrage starten.&#8220; &#8222;Kein Problem.&#8220; &#8222;Und die Lieferzeit ist auch noch wichtig.&#8220; &#8222;Mache ich.&#8220;<\/p><\/blockquote>\n<p>Zur\u00fcck in meinem B\u00fcro, rufe ich meinen Freund bei <a href=\"https:\/\/www.bandyshirt.de\">Bandyshirt <\/a>an und erkl\u00e4re ihm, was unser Unternehmen an <em>Firmenbekleidung<\/em> haben will.<\/p>\n<blockquote><p>&#8222;Stickerei&#8220;, sagt er. &#8222;Stickerei? Habe ich mir schon gedacht.&#8220; &#8222;Ja, Stick ist f\u00fcr Arbeitskleidung am Besten. Stick sieht edel aus und ist lange haltbar. Vor allem, weil die Sachen bei 60\u00b0 und wahrscheinlich sehr h\u00e4ufig gewaschen werden.&#8220; &#8222;Da kannst du von ausgehen. Unsere Arbeitskleidung wird strapaziert. Maschinenbau.&#8220; &#8222;Wir haben spezielle Polo- und Sweatshirts f\u00fcr professionelle Firmenbekleidung.&#8220; &#8222;Ok. Du kriegst dann sp\u00e4ter die Anfrage von unserem Einkaufsleiter, Herrn Voggenpohl. Der Stick muss in drei Farben ausgef\u00fchrt werden.&#8220; &#8222;Kein Problem. Ihr k\u00f6nnt Stick auch in zehn oder mehr Farben haben. Ich werde das gleich schon mal durchkalkulieren. Du kannst deinem Herrn Voggenpohl sagen, dass er das Angebot f\u00fcr die Firmenbekleidung heute noch bekommt, so gegen 15 Uhr.&#8220; &#8222;Super! Dann bis sp\u00e4ter.&#8220; &#8222;Ja, mach&#8217;s gut Paul.&#8220;<\/p><\/blockquote>\n<div>Zuhause beim Abendbrot erz\u00e4hle ich meiner Familie davon, gebe ein wenig damit an, dass ich jetzt auch Experte f\u00fcr mit Stick veredelte <a href=\"https:\/\/www.bandyshirt.de\/Arbeitskleidung-bedrucken\/\">Firmenbekleidung<\/a> bin.\u00a0Meine Tochter interessiert sich\u00a0nat\u00fcrlich nicht so sehr f\u00fcr Stickerei und Arbeitskleidung. &#8222;Ach, Papa&#8220;, fragt meine Tochter, &#8222;machen die bei Bandyshirt auch was mit Strass?&#8220;<br \/>\n&#8222;Strass?&#8220; &#8230;\u00a0Strass aus dem Mund meiner Tochter h\u00f6rt sich an wie neuer Stress f\u00fcr mich! \ud83d\ude42<br \/>\n&#8222;Ja, wir haben heute mit unserer Lehrerin \u00fcberlegt, was f\u00fcr Kost\u00fcme wir bei unserer n\u00e4chsten Auff\u00fchrung mit dem Schulchor tragen wollen &#8230;&#8220;<\/div>\n<\/div>\n<\/div>\n<\/div>\n","protected":false},"excerpt":{"rendered":"<p>&#8230; Gl\u00fcck gehabt! Um die \u00dcberstunden bin ich herumgekommen, weil unser Einkaufsleiter Voggenpohl ausnahmsweise mal selbst p\u00fcnktlich nach Hause wollte. Am n\u00e4chsten Tag hat er mich allerdings gleich zu sich gerufen. Ich wusste ja schon, dass es um neue Firmenbekleidung &#8230; <\/p>\n<div><a href=\"https:\/\/www.bandyshirt.de\/blog\/teil-iii-firmenbekleidung-fur-unsere-mitarbeiter-1038\/\" class=\"more-link\">Read More<\/a><\/div>\n","protected":false},"author":1,"featured_media":1223,"comment_status":"open","ping_status":"open","sticky":false,"template":"","format":"standard","meta":{"_monsterinsights_skip_tracking":false,"footnotes":""},"categories":[1],"tags":[26,101,286],"class_list":["post-1038","post","type-post","status-publish","format-standard","has-post-thumbnail","hentry","category-allgemein","tag-arbeitskleidung","tag-firmenbekleidung","tag-stickerei"],"yoast_head":"<!-- This site is optimized with the Yoast SEO plugin v28.3 - https:\/\/yoast.com\/product\/yoast-seo-wordpress\/ -->\n<title>Teil III: Firmenbekleidung f\u00fcr unsere Mitarbeiter &#187; Bandyshirt<\/title>\n<meta name=\"description\" content=\"Zuhaus beim Abendbrot erz\u00e4hle ich meiner Familie davon, gebe ein wenig damit an, dass ich jetzt auch Experte f\u00fcr mit Stick veredelte Firmenbekleidung bin.\" \/>\n<meta name=\"robots\" content=\"index, follow, max-snippet:-1, max-image-preview:large, max-video-preview:-1\" \/>\n<link rel=\"canonical\" href=\"https:\/\/www.bandyshirt.de\/blog\/teil-iii-firmenbekleidung-fur-unsere-mitarbeiter-1038\/\" \/>\n<meta property=\"og:locale\" content=\"de_DE\" \/>\n<meta property=\"og:type\" content=\"article\" \/>\n<meta property=\"og:title\" content=\"Teil III: Firmenbekleidung f\u00fcr unsere Mitarbeiter &#187; Bandyshirt\" \/>\n<meta property=\"og:description\" content=\"Zuhaus beim Abendbrot erz\u00e4hle ich meiner Familie davon, gebe ein wenig damit an, dass ich jetzt auch Experte f\u00fcr mit Stick veredelte Firmenbekleidung bin.\" \/>\n<meta property=\"og:url\" content=\"https:\/\/www.bandyshirt.de\/blog\/teil-iii-firmenbekleidung-fur-unsere-mitarbeiter-1038\/\" \/>\n<meta property=\"og:site_name\" content=\"Bandyshirt\" \/>\n<meta property=\"article:published_time\" content=\"2012-10-31T04:45:36+00:00\" \/>\n<meta property=\"article:modified_time\" content=\"2016-02-17T09:50:51+00:00\" \/>\n<meta property=\"og:image\" content=\"https:\/\/www.bandyshirt.de\/blog\/wp-content\/uploads\/2012\/10\/schirmers-geschichten-arbeitskleidung.jpg\" \/>\n\t<meta property=\"og:image:width\" content=\"569\" \/>\n\t<meta property=\"og:image:height\" content=\"166\" \/>\n\t<meta property=\"og:image:type\" content=\"image\/jpeg\" \/>\n<meta name=\"author\" content=\"bzuro\" \/>\n<meta name=\"twitter:card\" content=\"summary_large_image\" \/>\n<meta name=\"twitter:label1\" content=\"Verfasst von\" \/>\n\t<meta name=\"twitter:data1\" content=\"bzuro\" \/>\n\t<meta name=\"twitter:label2\" content=\"Gesch\u00e4tzte Lesezeit\" \/>\n\t<meta name=\"twitter:data2\" content=\"3\u00a0Minuten\" \/>\n<script type=\"application\/ld+json\" class=\"yoast-schema-graph\">{\"@context\":\"https:\\\/\\\/schema.org\",\"@graph\":[{\"@type\":\"Article\",\"@id\":\"https:\\\/\\\/www.bandyshirt.de\\\/blog\\\/teil-iii-firmenbekleidung-fur-unsere-mitarbeiter-1038\\\/#article\",\"isPartOf\":{\"@id\":\"https:\\\/\\\/www.bandyshirt.de\\\/blog\\\/teil-iii-firmenbekleidung-fur-unsere-mitarbeiter-1038\\\/\"},\"author\":{\"name\":\"bzuro\",\"@id\":\"https:\\\/\\\/www.bandyshirt.de\\\/blog\\\/#\\\/schema\\\/person\\\/d4bb9d47192724640167be53174999f3\"},\"headline\":\"Teil III: Firmenbekleidung f\u00fcr unsere Mitarbeiter\",\"datePublished\":\"2012-10-31T04:45:36+00:00\",\"dateModified\":\"2016-02-17T09:50:51+00:00\",\"mainEntityOfPage\":{\"@id\":\"https:\\\/\\\/www.bandyshirt.de\\\/blog\\\/teil-iii-firmenbekleidung-fur-unsere-mitarbeiter-1038\\\/\"},\"wordCount\":532,\"commentCount\":0,\"publisher\":{\"@id\":\"https:\\\/\\\/www.bandyshirt.de\\\/blog\\\/#organization\"},\"image\":{\"@id\":\"https:\\\/\\\/www.bandyshirt.de\\\/blog\\\/teil-iii-firmenbekleidung-fur-unsere-mitarbeiter-1038\\\/#primaryimage\"},\"thumbnailUrl\":\"https:\\\/\\\/www.bandyshirt.de\\\/blog\\\/wp-content\\\/uploads\\\/2012\\\/10\\\/schirmers-geschichten-arbeitskleidung.jpg\",\"keywords\":[\"arbeitskleidung\",\"firmenbekleidung\",\"stickerei\"],\"inLanguage\":\"de\"},{\"@type\":\"WebPage\",\"@id\":\"https:\\\/\\\/www.bandyshirt.de\\\/blog\\\/teil-iii-firmenbekleidung-fur-unsere-mitarbeiter-1038\\\/\",\"url\":\"https:\\\/\\\/www.bandyshirt.de\\\/blog\\\/teil-iii-firmenbekleidung-fur-unsere-mitarbeiter-1038\\\/\",\"name\":\"Teil III: Firmenbekleidung f\u00fcr unsere Mitarbeiter &#187; Bandyshirt\",\"isPartOf\":{\"@id\":\"https:\\\/\\\/www.bandyshirt.de\\\/blog\\\/#website\"},\"primaryImageOfPage\":{\"@id\":\"https:\\\/\\\/www.bandyshirt.de\\\/blog\\\/teil-iii-firmenbekleidung-fur-unsere-mitarbeiter-1038\\\/#primaryimage\"},\"image\":{\"@id\":\"https:\\\/\\\/www.bandyshirt.de\\\/blog\\\/teil-iii-firmenbekleidung-fur-unsere-mitarbeiter-1038\\\/#primaryimage\"},\"thumbnailUrl\":\"https:\\\/\\\/www.bandyshirt.de\\\/blog\\\/wp-content\\\/uploads\\\/2012\\\/10\\\/schirmers-geschichten-arbeitskleidung.jpg\",\"datePublished\":\"2012-10-31T04:45:36+00:00\",\"dateModified\":\"2016-02-17T09:50:51+00:00\",\"description\":\"Zuhaus beim Abendbrot erz\u00e4hle ich meiner Familie davon, gebe ein wenig damit an, dass ich jetzt auch Experte f\u00fcr mit Stick veredelte Firmenbekleidung bin.\",\"breadcrumb\":{\"@id\":\"https:\\\/\\\/www.bandyshirt.de\\\/blog\\\/teil-iii-firmenbekleidung-fur-unsere-mitarbeiter-1038\\\/#breadcrumb\"},\"inLanguage\":\"de\",\"potentialAction\":[{\"@type\":\"ReadAction\",\"target\":[\"https:\\\/\\\/www.bandyshirt.de\\\/blog\\\/teil-iii-firmenbekleidung-fur-unsere-mitarbeiter-1038\\\/\"]}]},{\"@type\":\"ImageObject\",\"inLanguage\":\"de\",\"@id\":\"https:\\\/\\\/www.bandyshirt.de\\\/blog\\\/teil-iii-firmenbekleidung-fur-unsere-mitarbeiter-1038\\\/#primaryimage\",\"url\":\"https:\\\/\\\/www.bandyshirt.de\\\/blog\\\/wp-content\\\/uploads\\\/2012\\\/10\\\/schirmers-geschichten-arbeitskleidung.jpg\",\"contentUrl\":\"https:\\\/\\\/www.bandyshirt.de\\\/blog\\\/wp-content\\\/uploads\\\/2012\\\/10\\\/schirmers-geschichten-arbeitskleidung.jpg\",\"width\":569,\"height\":166,\"caption\":\"Firmenbekleidung f\u00fcr Ihre Mitarbeiter\"},{\"@type\":\"BreadcrumbList\",\"@id\":\"https:\\\/\\\/www.bandyshirt.de\\\/blog\\\/teil-iii-firmenbekleidung-fur-unsere-mitarbeiter-1038\\\/#breadcrumb\",\"itemListElement\":[{\"@type\":\"ListItem\",\"position\":1,\"name\":\"Home\",\"item\":\"https:\\\/\\\/www.bandyshirt.de\\\/blog\\\/\"},{\"@type\":\"ListItem\",\"position\":2,\"name\":\"Teil III: Firmenbekleidung f\u00fcr unsere Mitarbeiter\"}]},{\"@type\":\"WebSite\",\"@id\":\"https:\\\/\\\/www.bandyshirt.de\\\/blog\\\/#website\",\"url\":\"https:\\\/\\\/www.bandyshirt.de\\\/blog\\\/\",\"name\":\"Bandyshirt\",\"description\":\"Infos und Aktionen rund um das Thema T-Shirt Druck und T-Shirts selbst gestalten.\",\"publisher\":{\"@id\":\"https:\\\/\\\/www.bandyshirt.de\\\/blog\\\/#organization\"},\"potentialAction\":[{\"@type\":\"SearchAction\",\"target\":{\"@type\":\"EntryPoint\",\"urlTemplate\":\"https:\\\/\\\/www.bandyshirt.de\\\/blog\\\/?s={search_term_string}\"},\"query-input\":{\"@type\":\"PropertyValueSpecification\",\"valueRequired\":true,\"valueName\":\"search_term_string\"}}],\"inLanguage\":\"de\"},{\"@type\":\"Organization\",\"@id\":\"https:\\\/\\\/www.bandyshirt.de\\\/blog\\\/#organization\",\"name\":\"Bandyshirt.de\",\"url\":\"https:\\\/\\\/www.bandyshirt.de\\\/blog\\\/\",\"logo\":{\"@type\":\"ImageObject\",\"inLanguage\":\"de\",\"@id\":\"https:\\\/\\\/www.bandyshirt.de\\\/blog\\\/#\\\/schema\\\/logo\\\/image\\\/\",\"url\":\"https:\\\/\\\/www.bandyshirt.de\\\/blog\\\/wp-content\\\/uploads\\\/2021\\\/05\\\/Screenshot_6.jpg\",\"contentUrl\":\"https:\\\/\\\/www.bandyshirt.de\\\/blog\\\/wp-content\\\/uploads\\\/2021\\\/05\\\/Screenshot_6.jpg\",\"width\":608,\"height\":636,\"caption\":\"Bandyshirt.de\"},\"image\":{\"@id\":\"https:\\\/\\\/www.bandyshirt.de\\\/blog\\\/#\\\/schema\\\/logo\\\/image\\\/\"}},{\"@type\":\"Person\",\"@id\":\"https:\\\/\\\/www.bandyshirt.de\\\/blog\\\/#\\\/schema\\\/person\\\/d4bb9d47192724640167be53174999f3\",\"name\":\"bzuro\",\"image\":{\"@type\":\"ImageObject\",\"inLanguage\":\"de\",\"@id\":\"https:\\\/\\\/secure.gravatar.com\\\/avatar\\\/91cdeffb1e8dabcc8fa13cc27a0b434296e4b6e8cb3db70ab6975c72e6232672?s=96&d=mm&r=g\",\"url\":\"https:\\\/\\\/secure.gravatar.com\\\/avatar\\\/91cdeffb1e8dabcc8fa13cc27a0b434296e4b6e8cb3db70ab6975c72e6232672?s=96&d=mm&r=g\",\"contentUrl\":\"https:\\\/\\\/secure.gravatar.com\\\/avatar\\\/91cdeffb1e8dabcc8fa13cc27a0b434296e4b6e8cb3db70ab6975c72e6232672?s=96&d=mm&r=g\",\"caption\":\"bzuro\"},\"url\":\"https:\\\/\\\/www.bandyshirt.de\\\/blog\\\/author\\\/bzuro\\\/\"}]}<\/script>\n<!-- \/ Yoast SEO plugin. -->","yoast_head_json":{"title":"Teil III: Firmenbekleidung f\u00fcr unsere Mitarbeiter &#187; Bandyshirt","description":"Zuhaus beim Abendbrot erz\u00e4hle ich meiner Familie davon, gebe ein wenig damit an, dass ich jetzt auch Experte f\u00fcr mit Stick veredelte Firmenbekleidung bin.","robots":{"index":"index","follow":"follow","max-snippet":"max-snippet:-1","max-image-preview":"max-image-preview:large","max-video-preview":"max-video-preview:-1"},"canonical":"https:\/\/www.bandyshirt.de\/blog\/teil-iii-firmenbekleidung-fur-unsere-mitarbeiter-1038\/","og_locale":"de_DE","og_type":"article","og_title":"Teil III: Firmenbekleidung f\u00fcr unsere Mitarbeiter &#187; Bandyshirt","og_description":"Zuhaus beim Abendbrot erz\u00e4hle ich meiner Familie davon, gebe ein wenig damit an, dass ich jetzt auch Experte f\u00fcr mit Stick veredelte Firmenbekleidung bin.","og_url":"https:\/\/www.bandyshirt.de\/blog\/teil-iii-firmenbekleidung-fur-unsere-mitarbeiter-1038\/","og_site_name":"Bandyshirt","article_published_time":"2012-10-31T04:45:36+00:00","article_modified_time":"2016-02-17T09:50:51+00:00","og_image":[{"width":569,"height":166,"url":"https:\/\/www.bandyshirt.de\/blog\/wp-content\/uploads\/2012\/10\/schirmers-geschichten-arbeitskleidung.jpg","type":"image\/jpeg"}],"author":"bzuro","twitter_card":"summary_large_image","twitter_misc":{"Verfasst von":"bzuro","Gesch\u00e4tzte Lesezeit":"3\u00a0Minuten"},"schema":{"@context":"https:\/\/schema.org","@graph":[{"@type":"Article","@id":"https:\/\/www.bandyshirt.de\/blog\/teil-iii-firmenbekleidung-fur-unsere-mitarbeiter-1038\/#article","isPartOf":{"@id":"https:\/\/www.bandyshirt.de\/blog\/teil-iii-firmenbekleidung-fur-unsere-mitarbeiter-1038\/"},"author":{"name":"bzuro","@id":"https:\/\/www.bandyshirt.de\/blog\/#\/schema\/person\/d4bb9d47192724640167be53174999f3"},"headline":"Teil III: Firmenbekleidung f\u00fcr unsere Mitarbeiter","datePublished":"2012-10-31T04:45:36+00:00","dateModified":"2016-02-17T09:50:51+00:00","mainEntityOfPage":{"@id":"https:\/\/www.bandyshirt.de\/blog\/teil-iii-firmenbekleidung-fur-unsere-mitarbeiter-1038\/"},"wordCount":532,"commentCount":0,"publisher":{"@id":"https:\/\/www.bandyshirt.de\/blog\/#organization"},"image":{"@id":"https:\/\/www.bandyshirt.de\/blog\/teil-iii-firmenbekleidung-fur-unsere-mitarbeiter-1038\/#primaryimage"},"thumbnailUrl":"https:\/\/www.bandyshirt.de\/blog\/wp-content\/uploads\/2012\/10\/schirmers-geschichten-arbeitskleidung.jpg","keywords":["arbeitskleidung","firmenbekleidung","stickerei"],"inLanguage":"de"},{"@type":"WebPage","@id":"https:\/\/www.bandyshirt.de\/blog\/teil-iii-firmenbekleidung-fur-unsere-mitarbeiter-1038\/","url":"https:\/\/www.bandyshirt.de\/blog\/teil-iii-firmenbekleidung-fur-unsere-mitarbeiter-1038\/","name":"Teil III: Firmenbekleidung f\u00fcr unsere Mitarbeiter &#187; Bandyshirt","isPartOf":{"@id":"https:\/\/www.bandyshirt.de\/blog\/#website"},"primaryImageOfPage":{"@id":"https:\/\/www.bandyshirt.de\/blog\/teil-iii-firmenbekleidung-fur-unsere-mitarbeiter-1038\/#primaryimage"},"image":{"@id":"https:\/\/www.bandyshirt.de\/blog\/teil-iii-firmenbekleidung-fur-unsere-mitarbeiter-1038\/#primaryimage"},"thumbnailUrl":"https:\/\/www.bandyshirt.de\/blog\/wp-content\/uploads\/2012\/10\/schirmers-geschichten-arbeitskleidung.jpg","datePublished":"2012-10-31T04:45:36+00:00","dateModified":"2016-02-17T09:50:51+00:00","description":"Zuhaus beim Abendbrot erz\u00e4hle ich meiner Familie davon, gebe ein wenig damit an, dass ich jetzt auch Experte f\u00fcr mit Stick veredelte Firmenbekleidung bin.","breadcrumb":{"@id":"https:\/\/www.bandyshirt.de\/blog\/teil-iii-firmenbekleidung-fur-unsere-mitarbeiter-1038\/#breadcrumb"},"inLanguage":"de","potentialAction":[{"@type":"ReadAction","target":["https:\/\/www.bandyshirt.de\/blog\/teil-iii-firmenbekleidung-fur-unsere-mitarbeiter-1038\/"]}]},{"@type":"ImageObject","inLanguage":"de","@id":"https:\/\/www.bandyshirt.de\/blog\/teil-iii-firmenbekleidung-fur-unsere-mitarbeiter-1038\/#primaryimage","url":"https:\/\/www.bandyshirt.de\/blog\/wp-content\/uploads\/2012\/10\/schirmers-geschichten-arbeitskleidung.jpg","contentUrl":"https:\/\/www.bandyshirt.de\/blog\/wp-content\/uploads\/2012\/10\/schirmers-geschichten-arbeitskleidung.jpg","width":569,"height":166,"caption":"Firmenbekleidung f\u00fcr Ihre Mitarbeiter"},{"@type":"BreadcrumbList","@id":"https:\/\/www.bandyshirt.de\/blog\/teil-iii-firmenbekleidung-fur-unsere-mitarbeiter-1038\/#breadcrumb","itemListElement":[{"@type":"ListItem","position":1,"name":"Home","item":"https:\/\/www.bandyshirt.de\/blog\/"},{"@type":"ListItem","position":2,"name":"Teil III: Firmenbekleidung f\u00fcr unsere Mitarbeiter"}]},{"@type":"WebSite","@id":"https:\/\/www.bandyshirt.de\/blog\/#website","url":"https:\/\/www.bandyshirt.de\/blog\/","name":"Bandyshirt","description":"Infos und Aktionen rund um das Thema T-Shirt Druck und T-Shirts selbst gestalten.","publisher":{"@id":"https:\/\/www.bandyshirt.de\/blog\/#organization"},"potentialAction":[{"@type":"SearchAction","target":{"@type":"EntryPoint","urlTemplate":"https:\/\/www.bandyshirt.de\/blog\/?s={search_term_string}"},"query-input":{"@type":"PropertyValueSpecification","valueRequired":true,"valueName":"search_term_string"}}],"inLanguage":"de"},{"@type":"Organization","@id":"https:\/\/www.bandyshirt.de\/blog\/#organization","name":"Bandyshirt.de","url":"https:\/\/www.bandyshirt.de\/blog\/","logo":{"@type":"ImageObject","inLanguage":"de","@id":"https:\/\/www.bandyshirt.de\/blog\/#\/schema\/logo\/image\/","url":"https:\/\/www.bandyshirt.de\/blog\/wp-content\/uploads\/2021\/05\/Screenshot_6.jpg","contentUrl":"https:\/\/www.bandyshirt.de\/blog\/wp-content\/uploads\/2021\/05\/Screenshot_6.jpg","width":608,"height":636,"caption":"Bandyshirt.de"},"image":{"@id":"https:\/\/www.bandyshirt.de\/blog\/#\/schema\/logo\/image\/"}},{"@type":"Person","@id":"https:\/\/www.bandyshirt.de\/blog\/#\/schema\/person\/d4bb9d47192724640167be53174999f3","name":"bzuro","image":{"@type":"ImageObject","inLanguage":"de","@id":"https:\/\/secure.gravatar.com\/avatar\/91cdeffb1e8dabcc8fa13cc27a0b434296e4b6e8cb3db70ab6975c72e6232672?s=96&d=mm&r=g","url":"https:\/\/secure.gravatar.com\/avatar\/91cdeffb1e8dabcc8fa13cc27a0b434296e4b6e8cb3db70ab6975c72e6232672?s=96&d=mm&r=g","contentUrl":"https:\/\/secure.gravatar.com\/avatar\/91cdeffb1e8dabcc8fa13cc27a0b434296e4b6e8cb3db70ab6975c72e6232672?s=96&d=mm&r=g","caption":"bzuro"},"url":"https:\/\/www.bandyshirt.de\/blog\/author\/bzuro\/"}]}},"_links":{"self":[{"href":"https:\/\/www.bandyshirt.de\/blog\/wp-json\/wp\/v2\/posts\/1038","targetHints":{"allow":["GET"]}}],"collection":[{"href":"https:\/\/www.bandyshirt.de\/blog\/wp-json\/wp\/v2\/posts"}],"about":[{"href":"https:\/\/www.bandyshirt.de\/blog\/wp-json\/wp\/v2\/types\/post"}],"author":[{"embeddable":true,"href":"https:\/\/www.bandyshirt.de\/blog\/wp-json\/wp\/v2\/users\/1"}],"replies":[{"embeddable":true,"href":"https:\/\/www.bandyshirt.de\/blog\/wp-json\/wp\/v2\/comments?post=1038"}],"version-history":[{"count":2,"href":"https:\/\/www.bandyshirt.de\/blog\/wp-json\/wp\/v2\/posts\/1038\/revisions"}],"predecessor-version":[{"id":7909,"href":"https:\/\/www.bandyshirt.de\/blog\/wp-json\/wp\/v2\/posts\/1038\/revisions\/7909"}],"wp:featuredmedia":[{"embeddable":true,"href":"https:\/\/www.bandyshirt.de\/blog\/wp-json\/wp\/v2\/media\/1223"}],"wp:attachment":[{"href":"https:\/\/www.bandyshirt.de\/blog\/wp-json\/wp\/v2\/media?parent=1038"}],"wp:term":[{"taxonomy":"category","embeddable":true,"href":"https:\/\/www.bandyshirt.de\/blog\/wp-json\/wp\/v2\/categories?post=1038"},{"taxonomy":"post_tag","embeddable":true,"href":"https:\/\/www.bandyshirt.de\/blog\/wp-json\/wp\/v2\/tags?post=1038"}],"curies":[{"name":"wp","href":"https:\/\/api.w.org\/{rel}","templated":true}]}}